{"id":1162,"date":"2018-05-13T23:49:27","date_gmt":"2018-05-13T21:49:27","guid":{"rendered":"https:\/\/www.mntk.es\/bike\/?p=1162"},"modified":"2018-05-17T12:55:29","modified_gmt":"2018-05-17T10:55:29","slug":"subida-al-torrecilla","status":"publish","type":"post","link":"https:\/\/www.mntk.es\/bike\/2018\/05\/13\/subida-al-torrecilla\/","title":{"rendered":"Subida al Torrecilla"},"content":{"rendered":"<p>El pasado domingo 13 de mayo Joaqu\u00edn con Gin\u00e9s particip\u00f3 en una traves\u00eda por la Sierra de las Nieves con ascensi\u00f3n al Torrecilla, pico m\u00e1s alto de la serran\u00eda de Ronda situado en la provincia de M\u00e1laga.<\/p>\n<p><img loading=\"lazy\" decoding=\"async\" class=\"size-full wp-image-1165 alignnone\" src=\"https:\/\/www.mntk.es\/bike\/wp-content\/uploads\/2018\/05\/IMG-20180514-WA0000-1.jpg\" width=\"1600\" height=\"1200\" srcset=\"https:\/\/www.mntk.es\/bike\/wp-content\/uploads\/2018\/05\/IMG-20180514-WA0000-1.jpg 1600w, https:\/\/www.mntk.es\/bike\/wp-content\/uploads\/2018\/05\/IMG-20180514-WA0000-1-300x225.jpg 300w, https:\/\/www.mntk.es\/bike\/wp-content\/uploads\/2018\/05\/IMG-20180514-WA0000-1-768x576.jpg 768w, https:\/\/www.mntk.es\/bike\/wp-content\/uploads\/2018\/05\/IMG-20180514-WA0000-1-1024x768.jpg 1024w\" sizes=\"auto, (max-width: 1600px) 100vw, 1600px\" \/><\/p>\n<p>Senderismo.<\/p>\n","protected":false},"excerpt":{"rendered":"<p>El pasado domingo 13 de mayo Joaqu\u00edn con Gin\u00e9s particip\u00f3 en una traves\u00eda por la Sierra de las Nieves con ascensi\u00f3n al Torrecilla, pico m\u00e1s alto de la serran\u00eda de Ronda situado en la&#46;&#46;&#46;<\/p>\n","protected":false},"author":2,"featured_media":1166,"comment_status":"open","ping_status":"open","sticky":false,"template":"","format":"standard","meta":{"footnotes":""},"categories":[13],"tags":[],"class_list":["post-1162","post","type-post","status-publish","format-standard","has-post-thumbnail","hentry","category-senderismo"],"_links":{"self":[{"href":"https:\/\/www.mntk.es\/bike\/wp-json\/wp\/v2\/posts\/1162","targetHints":{"allow":["GET"]}}],"collection":[{"href":"https:\/\/www.mntk.es\/bike\/wp-json\/wp\/v2\/posts"}],"about":[{"href":"https:\/\/www.mntk.es\/bike\/wp-json\/wp\/v2\/types\/post"}],"author":[{"embeddable":true,"href":"https:\/\/www.mntk.es\/bike\/wp-json\/wp\/v2\/users\/2"}],"replies":[{"embeddable":true,"href":"https:\/\/www.mntk.es\/bike\/wp-json\/wp\/v2\/comments?post=1162"}],"version-history":[{"count":4,"href":"https:\/\/www.mntk.es\/bike\/wp-json\/wp\/v2\/posts\/1162\/revisions"}],"predecessor-version":[{"id":1169,"href":"https:\/\/www.mntk.es\/bike\/wp-json\/wp\/v2\/posts\/1162\/revisions\/1169"}],"wp:featuredmedia":[{"embeddable":true,"href":"https:\/\/www.mntk.es\/bike\/wp-json\/wp\/v2\/media\/1166"}],"wp:attachment":[{"href":"https:\/\/www.mntk.es\/bike\/wp-json\/wp\/v2\/media?parent=1162"}],"wp:term":[{"taxonomy":"category","embeddable":true,"href":"https:\/\/www.mntk.es\/bike\/wp-json\/wp\/v2\/categories?post=1162"},{"taxonomy":"post_tag","embeddable":true,"href":"https:\/\/www.mntk.es\/bike\/wp-json\/wp\/v2\/tags?post=1162"}],"curies":[{"name":"wp","href":"https:\/\/api.w.org\/{rel}","templated":true}]}}