{"id":4470,"date":"2019-02-07T22:11:59","date_gmt":"2019-02-07T21:11:59","guid":{"rendered":"https:\/\/www.mntk.es\/bike\/?p=4470"},"modified":"2019-02-08T15:14:30","modified_gmt":"2019-02-08T14:14:30","slug":"afternoon-ride","status":"publish","type":"post","link":"https:\/\/www.mntk.es\/bike\/2019\/02\/07\/afternoon-ride\/","title":{"rendered":"Afternoon ride"},"content":{"rendered":"<p>Salida r2 de tarde a Lagunas de El Puerto, Cortijo Montana y Ca\u00f1ada la loba.<\/p>\n<p><img loading=\"lazy\" decoding=\"async\" class=\"wp-image-4467 size-full alignnone\" src=\"https:\/\/www.mntk.es\/bike\/wp-content\/uploads\/2019\/02\/img-20190207-wa00171818622913.jpg\" width=\"999\" height=\"562\" srcset=\"https:\/\/www.mntk.es\/bike\/wp-content\/uploads\/2019\/02\/img-20190207-wa00171818622913.jpg 999w, https:\/\/www.mntk.es\/bike\/wp-content\/uploads\/2019\/02\/img-20190207-wa00171818622913-300x169.jpg 300w, https:\/\/www.mntk.es\/bike\/wp-content\/uploads\/2019\/02\/img-20190207-wa00171818622913-768x432.jpg 768w\" sizes=\"auto, (max-width: 999px) 100vw, 999px\" \/><\/p>\n<p>47 km a 20 km \/ h de media.<\/p>\n<p><strong>Impresiones:<\/strong><\/p>\n<blockquote><p>Joaqu\u00edn:<\/p>\n<p>Reuni\u00f3n de Pro&#8230;..<\/p>\n<p>Adolfo:<\/p><\/blockquote>\n<blockquote><p>De qu\u00e9?<\/p>\n<p>Llegu\u00e9 con la lengua llena de tierra!!!!!<br \/>\nMenos mal que Tom\u00e1s y Ariza se equivocaban en cada cruce!!!<\/p>\n<p>Jjjjkk.<\/p><\/blockquote>\n<p><img loading=\"lazy\" decoding=\"async\" src=\"https:\/\/www.mntk.es\/bike\/wp-content\/uploads\/2019\/02\/img-20190207-wa0018-2146590801.jpg\" class=\"size-full wp-image-4468 alignnone\" width=\"1000\" height=\"488\" srcset=\"https:\/\/www.mntk.es\/bike\/wp-content\/uploads\/2019\/02\/img-20190207-wa0018-2146590801.jpg 1000w, https:\/\/www.mntk.es\/bike\/wp-content\/uploads\/2019\/02\/img-20190207-wa0018-2146590801-300x146.jpg 300w, https:\/\/www.mntk.es\/bike\/wp-content\/uploads\/2019\/02\/img-20190207-wa0018-2146590801-768x375.jpg 768w\" sizes=\"auto, (max-width: 1000px) 100vw, 1000px\" \/><br \/>\nSalidas r2.<\/p>\n","protected":false},"excerpt":{"rendered":"<p>Salida r2 de tarde a Lagunas de El Puerto, Cortijo Montana y Ca\u00f1ada la loba. 47 km a 20 km \/ h de media. Impresiones: Joaqu\u00edn: Reuni\u00f3n de Pro&#8230;.. Adolfo: De qu\u00e9? Llegu\u00e9 con&#46;&#46;&#46;<\/p>\n","protected":false},"author":2,"featured_media":4469,"comment_status":"open","ping_status":"open","sticky":false,"template":"","format":"standard","meta":{"footnotes":""},"categories":[24],"tags":[],"class_list":["post-4470","post","type-post","status-publish","format-standard","has-post-thumbnail","hentry","category-salidas-r2"],"_links":{"self":[{"href":"https:\/\/www.mntk.es\/bike\/wp-json\/wp\/v2\/posts\/4470","targetHints":{"allow":["GET"]}}],"collection":[{"href":"https:\/\/www.mntk.es\/bike\/wp-json\/wp\/v2\/posts"}],"about":[{"href":"https:\/\/www.mntk.es\/bike\/wp-json\/wp\/v2\/types\/post"}],"author":[{"embeddable":true,"href":"https:\/\/www.mntk.es\/bike\/wp-json\/wp\/v2\/users\/2"}],"replies":[{"embeddable":true,"href":"https:\/\/www.mntk.es\/bike\/wp-json\/wp\/v2\/comments?post=4470"}],"version-history":[{"count":1,"href":"https:\/\/www.mntk.es\/bike\/wp-json\/wp\/v2\/posts\/4470\/revisions"}],"predecessor-version":[{"id":4471,"href":"https:\/\/www.mntk.es\/bike\/wp-json\/wp\/v2\/posts\/4470\/revisions\/4471"}],"wp:featuredmedia":[{"embeddable":true,"href":"https:\/\/www.mntk.es\/bike\/wp-json\/wp\/v2\/media\/4469"}],"wp:attachment":[{"href":"https:\/\/www.mntk.es\/bike\/wp-json\/wp\/v2\/media?parent=4470"}],"wp:term":[{"taxonomy":"category","embeddable":true,"href":"https:\/\/www.mntk.es\/bike\/wp-json\/wp\/v2\/categories?post=4470"},{"taxonomy":"post_tag","embeddable":true,"href":"https:\/\/www.mntk.es\/bike\/wp-json\/wp\/v2\/tags?post=4470"}],"curies":[{"name":"wp","href":"https:\/\/api.w.org\/{rel}","templated":true}]}}