{"id":4715,"date":"2019-03-07T19:21:54","date_gmt":"2019-03-07T18:21:54","guid":{"rendered":"https:\/\/www.mntk.es\/bike\/?p=4715"},"modified":"2019-03-07T19:24:33","modified_gmt":"2019-03-07T18:24:33","slug":"la-ruta-olvidada","status":"publish","type":"post","link":"https:\/\/www.mntk.es\/bike\/2019\/03\/07\/la-ruta-olvidada\/","title":{"rendered":"Despu\u00e9s de las lluvias"},"content":{"rendered":"<p>Salida r2 de ma\u00f1ana a Nueva Jarilla despu\u00e9s de las lluvias para comprobar el estado de los caminos y de paso hacer algo de ejercicio.<\/p>\n<p>Algunas fotos y por supuesto el track de la ruta.<\/p>\n<p><img loading=\"lazy\" decoding=\"async\" class=\"wp-image-4698 size-full alignnone\" src=\"https:\/\/www.mntk.es\/bike\/wp-content\/uploads\/2019\/03\/20190307_085409557487477.jpg\" width=\"1000\" height=\"600\" srcset=\"https:\/\/www.mntk.es\/bike\/wp-content\/uploads\/2019\/03\/20190307_085409557487477.jpg 1000w, https:\/\/www.mntk.es\/bike\/wp-content\/uploads\/2019\/03\/20190307_085409557487477-300x180.jpg 300w, https:\/\/www.mntk.es\/bike\/wp-content\/uploads\/2019\/03\/20190307_085409557487477-768x461.jpg 768w\" sizes=\"auto, (max-width: 1000px) 100vw, 1000px\" \/><\/p>\n<p><img loading=\"lazy\" decoding=\"async\" class=\"size-full wp-image-4699 alignnone\" src=\"https:\/\/www.mntk.es\/bike\/wp-content\/uploads\/2019\/03\/20190307_085355-2020343502.jpg\" width=\"1000\" height=\"600\" srcset=\"https:\/\/www.mntk.es\/bike\/wp-content\/uploads\/2019\/03\/20190307_085355-2020343502.jpg 1000w, https:\/\/www.mntk.es\/bike\/wp-content\/uploads\/2019\/03\/20190307_085355-2020343502-300x180.jpg 300w, https:\/\/www.mntk.es\/bike\/wp-content\/uploads\/2019\/03\/20190307_085355-2020343502-768x461.jpg 768w\" sizes=\"auto, (max-width: 1000px) 100vw, 1000px\" \/><\/p>\n<p><img loading=\"lazy\" decoding=\"async\" class=\"size-full wp-image-4701 alignnone\" src=\"https:\/\/www.mntk.es\/bike\/wp-content\/uploads\/2019\/03\/20190307_085522-119014098.jpg\" width=\"1000\" height=\"600\" srcset=\"https:\/\/www.mntk.es\/bike\/wp-content\/uploads\/2019\/03\/20190307_085522-119014098.jpg 1000w, https:\/\/www.mntk.es\/bike\/wp-content\/uploads\/2019\/03\/20190307_085522-119014098-300x180.jpg 300w, https:\/\/www.mntk.es\/bike\/wp-content\/uploads\/2019\/03\/20190307_085522-119014098-768x461.jpg 768w\" sizes=\"auto, (max-width: 1000px) 100vw, 1000px\" \/><\/p>\n<p><img loading=\"lazy\" decoding=\"async\" class=\"size-full wp-image-4700 alignnone\" src=\"https:\/\/www.mntk.es\/bike\/wp-content\/uploads\/2019\/03\/20190307_085529292416349.jpg\" width=\"1000\" height=\"600\" srcset=\"https:\/\/www.mntk.es\/bike\/wp-content\/uploads\/2019\/03\/20190307_085529292416349.jpg 1000w, https:\/\/www.mntk.es\/bike\/wp-content\/uploads\/2019\/03\/20190307_085529292416349-300x180.jpg 300w, https:\/\/www.mntk.es\/bike\/wp-content\/uploads\/2019\/03\/20190307_085529292416349-768x461.jpg 768w\" sizes=\"auto, (max-width: 1000px) 100vw, 1000px\" \/><\/p>\n<p><img loading=\"lazy\" decoding=\"async\" class=\"size-full wp-image-4702 alignnone\" src=\"https:\/\/www.mntk.es\/bike\/wp-content\/uploads\/2019\/03\/20190307_0857121386521209.jpg\" width=\"1000\" height=\"750\" srcset=\"https:\/\/www.mntk.es\/bike\/wp-content\/uploads\/2019\/03\/20190307_0857121386521209.jpg 1000w, https:\/\/www.mntk.es\/bike\/wp-content\/uploads\/2019\/03\/20190307_0857121386521209-300x225.jpg 300w, https:\/\/www.mntk.es\/bike\/wp-content\/uploads\/2019\/03\/20190307_0857121386521209-768x576.jpg 768w\" sizes=\"auto, (max-width: 1000px) 100vw, 1000px\" \/><\/p>\n<p><img loading=\"lazy\" decoding=\"async\" class=\"size-full alignnone wp-image-4703\" src=\"https:\/\/www.mntk.es\/bike\/wp-content\/uploads\/2019\/03\/20190307_085839611373373.jpg\" width=\"1000\" height=\"600\" srcset=\"https:\/\/www.mntk.es\/bike\/wp-content\/uploads\/2019\/03\/20190307_085839611373373.jpg 1000w, https:\/\/www.mntk.es\/bike\/wp-content\/uploads\/2019\/03\/20190307_085839611373373-300x180.jpg 300w, https:\/\/www.mntk.es\/bike\/wp-content\/uploads\/2019\/03\/20190307_085839611373373-768x461.jpg 768w\" sizes=\"auto, (max-width: 1000px) 100vw, 1000px\" \/><\/p>\n<p><img loading=\"lazy\" decoding=\"async\" class=\"size-full alignnone wp-image-4704\" src=\"https:\/\/www.mntk.es\/bike\/wp-content\/uploads\/2019\/03\/20190307_085842646770947.jpg\" width=\"1000\" height=\"600\" srcset=\"https:\/\/www.mntk.es\/bike\/wp-content\/uploads\/2019\/03\/20190307_085842646770947.jpg 1000w, https:\/\/www.mntk.es\/bike\/wp-content\/uploads\/2019\/03\/20190307_085842646770947-300x180.jpg 300w, https:\/\/www.mntk.es\/bike\/wp-content\/uploads\/2019\/03\/20190307_085842646770947-768x461.jpg 768w\" sizes=\"auto, (max-width: 1000px) 100vw, 1000px\" \/><\/p>\n<p><img loading=\"lazy\" decoding=\"async\" class=\"size-full wp-image-4705 alignnone\" src=\"https:\/\/www.mntk.es\/bike\/wp-content\/uploads\/2019\/03\/20190307_085854-280383167.jpg\" width=\"1000\" height=\"600\" srcset=\"https:\/\/www.mntk.es\/bike\/wp-content\/uploads\/2019\/03\/20190307_085854-280383167.jpg 1000w, https:\/\/www.mntk.es\/bike\/wp-content\/uploads\/2019\/03\/20190307_085854-280383167-300x180.jpg 300w, https:\/\/www.mntk.es\/bike\/wp-content\/uploads\/2019\/03\/20190307_085854-280383167-768x461.jpg 768w\" sizes=\"auto, (max-width: 1000px) 100vw, 1000px\" \/><\/p>\n<p><img loading=\"lazy\" decoding=\"async\" class=\"size-full alignnone wp-image-4706\" src=\"https:\/\/www.mntk.es\/bike\/wp-content\/uploads\/2019\/03\/20190307_085903-1770707430.jpg\" width=\"1000\" height=\"600\" srcset=\"https:\/\/www.mntk.es\/bike\/wp-content\/uploads\/2019\/03\/20190307_085903-1770707430.jpg 1000w, https:\/\/www.mntk.es\/bike\/wp-content\/uploads\/2019\/03\/20190307_085903-1770707430-300x180.jpg 300w, https:\/\/www.mntk.es\/bike\/wp-content\/uploads\/2019\/03\/20190307_085903-1770707430-768x461.jpg 768w\" sizes=\"auto, (max-width: 1000px) 100vw, 1000px\" \/><\/p>\n<p><img loading=\"lazy\" decoding=\"async\" class=\"wp-image-4707 size-full alignnone\" src=\"https:\/\/www.mntk.es\/bike\/wp-content\/uploads\/2019\/03\/20190307_101634-36180290.jpg\" width=\"1000\" height=\"600\" srcset=\"https:\/\/www.mntk.es\/bike\/wp-content\/uploads\/2019\/03\/20190307_101634-36180290.jpg 1000w, https:\/\/www.mntk.es\/bike\/wp-content\/uploads\/2019\/03\/20190307_101634-36180290-300x180.jpg 300w, https:\/\/www.mntk.es\/bike\/wp-content\/uploads\/2019\/03\/20190307_101634-36180290-768x461.jpg 768w\" sizes=\"auto, (max-width: 1000px) 100vw, 1000px\" \/><\/p>\n<p><img loading=\"lazy\" decoding=\"async\" class=\"wp-image-4708 size-full alignnone\" src=\"https:\/\/www.mntk.es\/bike\/wp-content\/uploads\/2019\/03\/20190307_101702-2052292244.jpg\" width=\"1000\" height=\"600\" srcset=\"https:\/\/www.mntk.es\/bike\/wp-content\/uploads\/2019\/03\/20190307_101702-2052292244.jpg 1000w, https:\/\/www.mntk.es\/bike\/wp-content\/uploads\/2019\/03\/20190307_101702-2052292244-300x180.jpg 300w, https:\/\/www.mntk.es\/bike\/wp-content\/uploads\/2019\/03\/20190307_101702-2052292244-768x461.jpg 768w\" sizes=\"auto, (max-width: 1000px) 100vw, 1000px\" \/><\/p>\n<p><img loading=\"lazy\" decoding=\"async\" class=\"wp-image-4709 size-full alignnone\" src=\"https:\/\/www.mntk.es\/bike\/wp-content\/uploads\/2019\/03\/20190307_101714-565258596.jpg\" width=\"1000\" height=\"600\" srcset=\"https:\/\/www.mntk.es\/bike\/wp-content\/uploads\/2019\/03\/20190307_101714-565258596.jpg 1000w, https:\/\/www.mntk.es\/bike\/wp-content\/uploads\/2019\/03\/20190307_101714-565258596-300x180.jpg 300w, https:\/\/www.mntk.es\/bike\/wp-content\/uploads\/2019\/03\/20190307_101714-565258596-768x461.jpg 768w\" sizes=\"auto, (max-width: 1000px) 100vw, 1000px\" \/><\/p>\n<p><img loading=\"lazy\" decoding=\"async\" class=\"wp-image-4710 size-full alignnone\" src=\"https:\/\/www.mntk.es\/bike\/wp-content\/uploads\/2019\/03\/20190307_101723-1137750697.jpg\" width=\"1000\" height=\"600\" srcset=\"https:\/\/www.mntk.es\/bike\/wp-content\/uploads\/2019\/03\/20190307_101723-1137750697.jpg 1000w, https:\/\/www.mntk.es\/bike\/wp-content\/uploads\/2019\/03\/20190307_101723-1137750697-300x180.jpg 300w, https:\/\/www.mntk.es\/bike\/wp-content\/uploads\/2019\/03\/20190307_101723-1137750697-768x461.jpg 768w\" sizes=\"auto, (max-width: 1000px) 100vw, 1000px\" \/><\/p>\n<p><img loading=\"lazy\" decoding=\"async\" class=\"wp-image-4711 size-full alignnone\" src=\"https:\/\/www.mntk.es\/bike\/wp-content\/uploads\/2019\/03\/20190307_101738548379010.jpg\" width=\"1000\" height=\"600\" srcset=\"https:\/\/www.mntk.es\/bike\/wp-content\/uploads\/2019\/03\/20190307_101738548379010.jpg 1000w, https:\/\/www.mntk.es\/bike\/wp-content\/uploads\/2019\/03\/20190307_101738548379010-300x180.jpg 300w, https:\/\/www.mntk.es\/bike\/wp-content\/uploads\/2019\/03\/20190307_101738548379010-768x461.jpg 768w\" sizes=\"auto, (max-width: 1000px) 100vw, 1000px\" \/><\/p>\n<p><img loading=\"lazy\" decoding=\"async\" class=\"size-full wp-image-4712 alignnone\" src=\"https:\/\/www.mntk.es\/bike\/wp-content\/uploads\/2019\/03\/20190307_101754-1625578936.jpg\" width=\"1000\" height=\"600\" srcset=\"https:\/\/www.mntk.es\/bike\/wp-content\/uploads\/2019\/03\/20190307_101754-1625578936.jpg 1000w, https:\/\/www.mntk.es\/bike\/wp-content\/uploads\/2019\/03\/20190307_101754-1625578936-300x180.jpg 300w, https:\/\/www.mntk.es\/bike\/wp-content\/uploads\/2019\/03\/20190307_101754-1625578936-768x461.jpg 768w\" sizes=\"auto, (max-width: 1000px) 100vw, 1000px\" \/><\/p>\n<p><a target=\"_blank\" rel=\"noopener\" href=\"https:\/\/es.wikiloc.com\/rutas-mountain-bike\/jerez-nueva-jarilla-33851506\">Track de la ruta<\/a>.<\/p>\n<p><img loading=\"lazy\" decoding=\"async\" class=\"wp-image-4713 size-full alignnone\" src=\"https:\/\/www.mntk.es\/bike\/wp-content\/uploads\/2019\/03\/screenshot_2019-03-07-12-20-25-1302186218.png\" width=\"480\" height=\"504\" srcset=\"https:\/\/www.mntk.es\/bike\/wp-content\/uploads\/2019\/03\/screenshot_2019-03-07-12-20-25-1302186218.png 480w, https:\/\/www.mntk.es\/bike\/wp-content\/uploads\/2019\/03\/screenshot_2019-03-07-12-20-25-1302186218-286x300.png 286w\" sizes=\"auto, (max-width: 480px) 100vw, 480px\" \/><\/p>\n<p>Salidas r2.<\/p>\n","protected":false},"excerpt":{"rendered":"<p>Salida r2 de ma\u00f1ana a Nueva Jarilla despu\u00e9s de las lluvias para comprobar el estado de los caminos y de paso hacer algo de ejercicio. Algunas fotos y por supuesto el track de la&#46;&#46;&#46;<\/p>\n","protected":false},"author":2,"featured_media":4714,"comment_status":"open","ping_status":"open","sticky":false,"template":"","format":"standard","meta":{"footnotes":""},"categories":[24],"tags":[],"class_list":["post-4715","post","type-post","status-publish","format-standard","has-post-thumbnail","hentry","category-salidas-r2"],"_links":{"self":[{"href":"https:\/\/www.mntk.es\/bike\/wp-json\/wp\/v2\/posts\/4715","targetHints":{"allow":["GET"]}}],"collection":[{"href":"https:\/\/www.mntk.es\/bike\/wp-json\/wp\/v2\/posts"}],"about":[{"href":"https:\/\/www.mntk.es\/bike\/wp-json\/wp\/v2\/types\/post"}],"author":[{"embeddable":true,"href":"https:\/\/www.mntk.es\/bike\/wp-json\/wp\/v2\/users\/2"}],"replies":[{"embeddable":true,"href":"https:\/\/www.mntk.es\/bike\/wp-json\/wp\/v2\/comments?post=4715"}],"version-history":[{"count":2,"href":"https:\/\/www.mntk.es\/bike\/wp-json\/wp\/v2\/posts\/4715\/revisions"}],"predecessor-version":[{"id":4717,"href":"https:\/\/www.mntk.es\/bike\/wp-json\/wp\/v2\/posts\/4715\/revisions\/4717"}],"wp:featuredmedia":[{"embeddable":true,"href":"https:\/\/www.mntk.es\/bike\/wp-json\/wp\/v2\/media\/4714"}],"wp:attachment":[{"href":"https:\/\/www.mntk.es\/bike\/wp-json\/wp\/v2\/media?parent=4715"}],"wp:term":[{"taxonomy":"category","embeddable":true,"href":"https:\/\/www.mntk.es\/bike\/wp-json\/wp\/v2\/categories?post=4715"},{"taxonomy":"post_tag","embeddable":true,"href":"https:\/\/www.mntk.es\/bike\/wp-json\/wp\/v2\/tags?post=4715"}],"curies":[{"name":"wp","href":"https:\/\/api.w.org\/{rel}","templated":true}]}}