{"id":6144,"date":"2019-09-19T22:22:58","date_gmt":"2019-09-19T20:22:58","guid":{"rendered":"https:\/\/www.mntk.es\/bike\/?p=6144"},"modified":"2019-09-20T09:45:08","modified_gmt":"2019-09-20T07:45:08","slug":"el-golpe","status":"publish","type":"post","link":"https:\/\/www.mntk.es\/bike\/2019\/09\/19\/el-golpe\/","title":{"rendered":"El golpe"},"content":{"rendered":"\n<p>Salida frustrada a Gibalb\u00edn a causa de un despiste y fuerte ca\u00edda de JM que tambi\u00e9n arrastr\u00f3 a Juan.<\/p>\n\n\n\n<p>En el fuerte impacto de JM con la rueda trasera de la bicicleta de Juan, la deform\u00f3 dej\u00e1ndola cambemba y haciendo que Juan volar\u00e1 por los aires.<\/p>\n\n\n\n<p>Las fotos que tenemos son de antes del suceso, en las que se presentaba un gran d\u00eda de disfrute que qued\u00f3 frustrado.<\/p>\n\n\n\n<figure class=\"wp-block-image\"><img loading=\"lazy\" decoding=\"async\" width=\"1000\" height=\"563\" src=\"https:\/\/www.mntk.es\/bike\/wp-content\/uploads\/2019\/09\/img_20190919_0826171097766166312788597.jpg\" alt=\"\" class=\"wp-image-6140\" srcset=\"https:\/\/www.mntk.es\/bike\/wp-content\/uploads\/2019\/09\/img_20190919_0826171097766166312788597.jpg 1000w, https:\/\/www.mntk.es\/bike\/wp-content\/uploads\/2019\/09\/img_20190919_0826171097766166312788597-300x169.jpg 300w, https:\/\/www.mntk.es\/bike\/wp-content\/uploads\/2019\/09\/img_20190919_0826171097766166312788597-768x432.jpg 768w\" sizes=\"auto, (max-width: 1000px) 100vw, 1000px\" \/><\/figure>\n\n\n\n<figure class=\"wp-block-image\"><img loading=\"lazy\" decoding=\"async\" width=\"1000\" height=\"563\" src=\"https:\/\/www.mntk.es\/bike\/wp-content\/uploads\/2019\/09\/img_20190919_0832563491628425771242986.jpg\" alt=\"\" class=\"wp-image-6141\" srcset=\"https:\/\/www.mntk.es\/bike\/wp-content\/uploads\/2019\/09\/img_20190919_0832563491628425771242986.jpg 1000w, https:\/\/www.mntk.es\/bike\/wp-content\/uploads\/2019\/09\/img_20190919_0832563491628425771242986-300x169.jpg 300w, https:\/\/www.mntk.es\/bike\/wp-content\/uploads\/2019\/09\/img_20190919_0832563491628425771242986-768x432.jpg 768w\" sizes=\"auto, (max-width: 1000px) 100vw, 1000px\" \/><\/figure>\n\n\n\n<figure class=\"wp-block-image\"><img loading=\"lazy\" decoding=\"async\" width=\"1000\" height=\"563\" src=\"https:\/\/www.mntk.es\/bike\/wp-content\/uploads\/2019\/09\/img_20190919_0907513190255333011419401.jpg\" alt=\"\" class=\"wp-image-6142\" srcset=\"https:\/\/www.mntk.es\/bike\/wp-content\/uploads\/2019\/09\/img_20190919_0907513190255333011419401.jpg 1000w, https:\/\/www.mntk.es\/bike\/wp-content\/uploads\/2019\/09\/img_20190919_0907513190255333011419401-300x169.jpg 300w, https:\/\/www.mntk.es\/bike\/wp-content\/uploads\/2019\/09\/img_20190919_0907513190255333011419401-768x432.jpg 768w\" sizes=\"auto, (max-width: 1000px) 100vw, 1000px\" \/><\/figure>\n\n\n\n<figure class=\"wp-block-image\"><img loading=\"lazy\" decoding=\"async\" width=\"1000\" height=\"563\" src=\"https:\/\/www.mntk.es\/bike\/wp-content\/uploads\/2019\/09\/img_20190919_0907584640824445842197437.jpg\" alt=\"\" class=\"wp-image-6143\" srcset=\"https:\/\/www.mntk.es\/bike\/wp-content\/uploads\/2019\/09\/img_20190919_0907584640824445842197437.jpg 1000w, https:\/\/www.mntk.es\/bike\/wp-content\/uploads\/2019\/09\/img_20190919_0907584640824445842197437-300x169.jpg 300w, https:\/\/www.mntk.es\/bike\/wp-content\/uploads\/2019\/09\/img_20190919_0907584640824445842197437-768x432.jpg 768w\" sizes=\"auto, (max-width: 1000px) 100vw, 1000px\" \/><\/figure>\n\n\n\n<p>En el siguiente mapa de puede ver el lugar exacto de la caida.<\/p>\n\n\n\n<figure class=\"wp-block-image\"><img loading=\"lazy\" decoding=\"async\" width=\"861\" height=\"1000\" src=\"https:\/\/www.mntk.es\/bike\/wp-content\/uploads\/2019\/09\/screenshot_20190920-0920244617386537443388282.png\" alt=\"\" class=\"wp-image-6146\" srcset=\"https:\/\/www.mntk.es\/bike\/wp-content\/uploads\/2019\/09\/screenshot_20190920-0920244617386537443388282.png 861w, https:\/\/www.mntk.es\/bike\/wp-content\/uploads\/2019\/09\/screenshot_20190920-0920244617386537443388282-258x300.png 258w, https:\/\/www.mntk.es\/bike\/wp-content\/uploads\/2019\/09\/screenshot_20190920-0920244617386537443388282-768x892.png 768w\" sizes=\"auto, (max-width: 861px) 100vw, 861px\" \/><\/figure>\n\n\n\n<p><a rel=\"noreferrer noopener\" aria-label=\"Trazado de la caida. (abre en una nueva pesta\u00f1a)\" href=\"https:\/\/es.wikiloc.com\/rutas-mountain-bike\/montealegre-alto-jerez-de-la-frontera-41441115\" target=\"_blank\">Trazado de la caida.<\/a><\/p>\n\n\n\n<p>Salida r2.<\/p>\n","protected":false},"excerpt":{"rendered":"<p>Salida frustrada a Gibalb\u00edn a causa de un despiste y fuerte ca\u00edda de JM que tambi\u00e9n arrastr\u00f3 a Juan. En el fuerte impacto de JM con la rueda trasera de la bicicleta de Juan,&#46;&#46;&#46;<\/p>\n","protected":false},"author":2,"featured_media":6147,"comment_status":"open","ping_status":"open","sticky":false,"template":"","format":"standard","meta":{"footnotes":""},"categories":[24],"tags":[],"class_list":["post-6144","post","type-post","status-publish","format-standard","has-post-thumbnail","hentry","category-salidas-r2"],"_links":{"self":[{"href":"https:\/\/www.mntk.es\/bike\/wp-json\/wp\/v2\/posts\/6144","targetHints":{"allow":["GET"]}}],"collection":[{"href":"https:\/\/www.mntk.es\/bike\/wp-json\/wp\/v2\/posts"}],"about":[{"href":"https:\/\/www.mntk.es\/bike\/wp-json\/wp\/v2\/types\/post"}],"author":[{"embeddable":true,"href":"https:\/\/www.mntk.es\/bike\/wp-json\/wp\/v2\/users\/2"}],"replies":[{"embeddable":true,"href":"https:\/\/www.mntk.es\/bike\/wp-json\/wp\/v2\/comments?post=6144"}],"version-history":[{"count":2,"href":"https:\/\/www.mntk.es\/bike\/wp-json\/wp\/v2\/posts\/6144\/revisions"}],"predecessor-version":[{"id":6148,"href":"https:\/\/www.mntk.es\/bike\/wp-json\/wp\/v2\/posts\/6144\/revisions\/6148"}],"wp:featuredmedia":[{"embeddable":true,"href":"https:\/\/www.mntk.es\/bike\/wp-json\/wp\/v2\/media\/6147"}],"wp:attachment":[{"href":"https:\/\/www.mntk.es\/bike\/wp-json\/wp\/v2\/media?parent=6144"}],"wp:term":[{"taxonomy":"category","embeddable":true,"href":"https:\/\/www.mntk.es\/bike\/wp-json\/wp\/v2\/categories?post=6144"},{"taxonomy":"post_tag","embeddable":true,"href":"https:\/\/www.mntk.es\/bike\/wp-json\/wp\/v2\/tags?post=6144"}],"curies":[{"name":"wp","href":"https:\/\/api.w.org\/{rel}","templated":true}]}}