{"id":7719,"date":"2020-08-10T13:10:43","date_gmt":"2020-08-10T11:10:43","guid":{"rendered":"https:\/\/www.mntk.es\/bike\/?p=7719"},"modified":"2020-08-10T15:04:02","modified_gmt":"2020-08-10T13:04:02","slug":"el-torno-2","status":"publish","type":"post","link":"https:\/\/www.mntk.es\/bike\/2020\/08\/10\/el-torno-2\/","title":{"rendered":"El Torno"},"content":{"rendered":"\n<p>Hoy lunes siguiendo con las salidas matinales de los lunes desde la r2,  Domingo, Joaqu\u00edn y Rosi fueron a El Torno.<\/p>\n\n\n\n<figure class=\"wp-block-image size-large\"><img loading=\"lazy\" decoding=\"async\" width=\"1024\" height=\"768\" src=\"https:\/\/www.mntk.es\/bike\/wp-content\/uploads\/2020\/08\/WhatsApp-Image-2020-08-10-at-08.08.53b.jpeg\" alt=\"\" class=\"wp-image-7713\" srcset=\"https:\/\/www.mntk.es\/bike\/wp-content\/uploads\/2020\/08\/WhatsApp-Image-2020-08-10-at-08.08.53b.jpeg 1024w, https:\/\/www.mntk.es\/bike\/wp-content\/uploads\/2020\/08\/WhatsApp-Image-2020-08-10-at-08.08.53b-300x225.jpeg 300w, https:\/\/www.mntk.es\/bike\/wp-content\/uploads\/2020\/08\/WhatsApp-Image-2020-08-10-at-08.08.53b-768x576.jpeg 768w\" sizes=\"auto, (max-width: 1024px) 100vw, 1024px\" \/><\/figure>\n\n\n\n<p>En plena ruta les cogi\u00f3 un chaparron fuerte que les oblig\u00f3 a refugiarse.<\/p>\n\n\n\n<figure class=\"wp-block-image size-large\"><img loading=\"lazy\" decoding=\"async\" width=\"1024\" height=\"575\" src=\"https:\/\/www.mntk.es\/bike\/wp-content\/uploads\/2020\/08\/WhatsApp-Image-2020-08-10-at-10.22.24-1024x575.jpeg\" alt=\"\" class=\"wp-image-7720\" srcset=\"https:\/\/www.mntk.es\/bike\/wp-content\/uploads\/2020\/08\/WhatsApp-Image-2020-08-10-at-10.22.24-1024x575.jpeg 1024w, https:\/\/www.mntk.es\/bike\/wp-content\/uploads\/2020\/08\/WhatsApp-Image-2020-08-10-at-10.22.24-300x169.jpeg 300w, https:\/\/www.mntk.es\/bike\/wp-content\/uploads\/2020\/08\/WhatsApp-Image-2020-08-10-at-10.22.24-768x432.jpeg 768w, https:\/\/www.mntk.es\/bike\/wp-content\/uploads\/2020\/08\/WhatsApp-Image-2020-08-10-at-10.22.24-1536x863.jpeg 1536w, https:\/\/www.mntk.es\/bike\/wp-content\/uploads\/2020\/08\/WhatsApp-Image-2020-08-10-at-10.22.24.jpeg 1600w\" sizes=\"auto, (max-width: 1024px) 100vw, 1024px\" \/><\/figure>\n\n\n\n<blockquote class=\"wp-block-quote is-layout-flow wp-block-quote-is-layout-flow\"><p>Nos ha cogido la lluvia fuerte. Estamos refugiados en el bar frente a la india del Torno<\/p><cite>Domingo<\/cite><\/blockquote>\n\n\n\n<figure class=\"wp-block-image size-large\"><img loading=\"lazy\" decoding=\"async\" width=\"768\" height=\"1024\" src=\"https:\/\/www.mntk.es\/bike\/wp-content\/uploads\/2020\/08\/WhatsApp-Image-2020-08-10-at-11.01.22a.jpeg\" alt=\"\" class=\"wp-image-7714\" srcset=\"https:\/\/www.mntk.es\/bike\/wp-content\/uploads\/2020\/08\/WhatsApp-Image-2020-08-10-at-11.01.22a.jpeg 768w, https:\/\/www.mntk.es\/bike\/wp-content\/uploads\/2020\/08\/WhatsApp-Image-2020-08-10-at-11.01.22a-225x300.jpeg 225w\" sizes=\"auto, (max-width: 768px) 100vw, 768px\" \/><\/figure>\n\n\n\n<figure class=\"wp-block-image size-large\"><img loading=\"lazy\" decoding=\"async\" width=\"1024\" height=\"768\" src=\"https:\/\/www.mntk.es\/bike\/wp-content\/uploads\/2020\/08\/WhatsApp-Image-2020-08-10-at-11.02.49a.jpeg\" alt=\"\" class=\"wp-image-7715\" srcset=\"https:\/\/www.mntk.es\/bike\/wp-content\/uploads\/2020\/08\/WhatsApp-Image-2020-08-10-at-11.02.49a.jpeg 1024w, https:\/\/www.mntk.es\/bike\/wp-content\/uploads\/2020\/08\/WhatsApp-Image-2020-08-10-at-11.02.49a-300x225.jpeg 300w, https:\/\/www.mntk.es\/bike\/wp-content\/uploads\/2020\/08\/WhatsApp-Image-2020-08-10-at-11.02.49a-768x576.jpeg 768w\" sizes=\"auto, (max-width: 1024px) 100vw, 1024px\" \/><\/figure>\n\n\n\n<figure class=\"wp-block-image size-large\"><img loading=\"lazy\" decoding=\"async\" width=\"1024\" height=\"768\" src=\"https:\/\/www.mntk.es\/bike\/wp-content\/uploads\/2020\/08\/WhatsApp-Image-2020-08-10-at-11.03.50.jpeg\" alt=\"\" class=\"wp-image-7716\" srcset=\"https:\/\/www.mntk.es\/bike\/wp-content\/uploads\/2020\/08\/WhatsApp-Image-2020-08-10-at-11.03.50.jpeg 1024w, https:\/\/www.mntk.es\/bike\/wp-content\/uploads\/2020\/08\/WhatsApp-Image-2020-08-10-at-11.03.50-300x225.jpeg 300w, https:\/\/www.mntk.es\/bike\/wp-content\/uploads\/2020\/08\/WhatsApp-Image-2020-08-10-at-11.03.50-768x576.jpeg 768w\" sizes=\"auto, (max-width: 1024px) 100vw, 1024px\" \/><\/figure>\n\n\n\n<figure class=\"wp-block-image size-large\"><img loading=\"lazy\" decoding=\"async\" width=\"1024\" height=\"768\" src=\"https:\/\/www.mntk.es\/bike\/wp-content\/uploads\/2020\/08\/WhatsApp-Image-2020-08-10-at-11.06.52a.jpeg\" alt=\"\" class=\"wp-image-7717\" srcset=\"https:\/\/www.mntk.es\/bike\/wp-content\/uploads\/2020\/08\/WhatsApp-Image-2020-08-10-at-11.06.52a.jpeg 1024w, https:\/\/www.mntk.es\/bike\/wp-content\/uploads\/2020\/08\/WhatsApp-Image-2020-08-10-at-11.06.52a-300x225.jpeg 300w, https:\/\/www.mntk.es\/bike\/wp-content\/uploads\/2020\/08\/WhatsApp-Image-2020-08-10-at-11.06.52a-768x576.jpeg 768w\" sizes=\"auto, (max-width: 1024px) 100vw, 1024px\" \/><\/figure>\n\n\n\n<p>De regreso visita al rancho de la miel.<\/p>\n\n\n\n<figure class=\"wp-block-image size-large\"><img loading=\"lazy\" decoding=\"async\" width=\"1024\" height=\"768\" src=\"https:\/\/www.mntk.es\/bike\/wp-content\/uploads\/2020\/08\/WhatsApp-Image-2020-08-10-at-11.42.52.jpeg\" alt=\"\" class=\"wp-image-7718\" srcset=\"https:\/\/www.mntk.es\/bike\/wp-content\/uploads\/2020\/08\/WhatsApp-Image-2020-08-10-at-11.42.52.jpeg 1024w, https:\/\/www.mntk.es\/bike\/wp-content\/uploads\/2020\/08\/WhatsApp-Image-2020-08-10-at-11.42.52-300x225.jpeg 300w, https:\/\/www.mntk.es\/bike\/wp-content\/uploads\/2020\/08\/WhatsApp-Image-2020-08-10-at-11.42.52-768x576.jpeg 768w\" sizes=\"auto, (max-width: 1024px) 100vw, 1024px\" \/><\/figure>\n\n\n\n<p>Y vuelta a Jerez por Estella con suelo mojado.<\/p>\n\n\n\n<p><a href=\"https:\/\/photos.app.goo.gl\/3n5ZXFN7WmBT3FpQ6\" target=\"_blank\" rel=\"noreferrer noopener\">Ver todas las fotos de la ruta.<\/a><\/p>\n\n\n\n<p>Salidas r2<\/p>\n","protected":false},"excerpt":{"rendered":"<p>Hoy lunes siguiendo con las salidas matinales de los lunes desde la r2, Domingo, Joaqu\u00edn y Rosi fueron a El Torno. En plena ruta les cogi\u00f3 un chaparron fuerte que les oblig\u00f3 a refugiarse.&#46;&#46;&#46;<\/p>\n","protected":false},"author":2,"featured_media":7713,"comment_status":"open","ping_status":"open","sticky":false,"template":"","format":"standard","meta":{"footnotes":""},"categories":[24],"tags":[],"class_list":["post-7719","post","type-post","status-publish","format-standard","has-post-thumbnail","hentry","category-salidas-r2"],"_links":{"self":[{"href":"https:\/\/www.mntk.es\/bike\/wp-json\/wp\/v2\/posts\/7719","targetHints":{"allow":["GET"]}}],"collection":[{"href":"https:\/\/www.mntk.es\/bike\/wp-json\/wp\/v2\/posts"}],"about":[{"href":"https:\/\/www.mntk.es\/bike\/wp-json\/wp\/v2\/types\/post"}],"author":[{"embeddable":true,"href":"https:\/\/www.mntk.es\/bike\/wp-json\/wp\/v2\/users\/2"}],"replies":[{"embeddable":true,"href":"https:\/\/www.mntk.es\/bike\/wp-json\/wp\/v2\/comments?post=7719"}],"version-history":[{"count":2,"href":"https:\/\/www.mntk.es\/bike\/wp-json\/wp\/v2\/posts\/7719\/revisions"}],"predecessor-version":[{"id":7722,"href":"https:\/\/www.mntk.es\/bike\/wp-json\/wp\/v2\/posts\/7719\/revisions\/7722"}],"wp:featuredmedia":[{"embeddable":true,"href":"https:\/\/www.mntk.es\/bike\/wp-json\/wp\/v2\/media\/7713"}],"wp:attachment":[{"href":"https:\/\/www.mntk.es\/bike\/wp-json\/wp\/v2\/media?parent=7719"}],"wp:term":[{"taxonomy":"category","embeddable":true,"href":"https:\/\/www.mntk.es\/bike\/wp-json\/wp\/v2\/categories?post=7719"},{"taxonomy":"post_tag","embeddable":true,"href":"https:\/\/www.mntk.es\/bike\/wp-json\/wp\/v2\/tags?post=7719"}],"curies":[{"name":"wp","href":"https:\/\/api.w.org\/{rel}","templated":true}]}}